{"id":23658,"date":"2026-04-28T10:29:55","date_gmt":"2026-04-28T08:29:55","guid":{"rendered":"https:\/\/www.arcoabogados.es\/?p=23658"},"modified":"2026-04-28T10:50:01","modified_gmt":"2026-04-28T08:50:01","slug":"alertes-legals-%c2%b7-abril-2026","status":"publish","type":"post","link":"https:\/\/www.arcoabogados.es\/ca\/alertes-legals-%c2%b7-abril-2026","title":{"rendered":"Alertes Legals \u00b7 Abril 2026"},"content":{"rendered":"\n<h2 class=\"wp-block-heading\">1. Es publica l&#8217;Informe conjunt de la Direcci\u00f3 General de Tributs i Joc i l&#8217;Ag\u00e8ncia de l&#8217;Habitatge per a donar resposta a les consultes plantejades pel Col\u00b7legi Notarial de Catalunya respecte del concepte de gran tenidor: an\u00e0lisi des d&#8217;una perspectiva civil.<\/h2>\n\n\n\n<p>L&#8217;informe de 24 de mar\u00e7 de 2026 aborda una q\u00fcesti\u00f3 clau per a propietaris i inversors: com ha d&#8217;interpretar-se el concepte de gran tenidor des del vessant del dret d&#8217;habitatge i quins criteris s&#8217;apliquen per a determinar quan una persona queda subjecta a les limitacions pr\u00f2pies d&#8217;aquesta condici\u00f3.<br><br>Un dels aspectes que l&#8217;informe aclareix \u00e9s l&#8217;\u00e0mbit territorial del c\u00f2mput d&#8217;habitatges. En les zones declarades de mercat residencial tensionat, la condici\u00f3 de gran tenidor nom\u00e9s s&#8217;aconsegueix quan els habitatges es troben dins d&#8217;una mateixa zona tensionada, sense que puguin acumular-se immobles situats en \u00e0rees diferents. En canvi, fora d&#8217;aquestes zones, el c\u00f2mput s&#8217;amplia al conjunt d&#8217;habitatges d&#8217;\u00fas residencial situades a Espanya, sempre que almenys una estigui situada a Catalunya.<br><br>El document tamb\u00e9 delimita amb precisi\u00f3 quins immobles poden computar-se com a habitatge des de la perspectiva civil. Nom\u00e9s es tenen en compte els immobles urbans d&#8217;\u00fas residencial susceptibles d&#8217;incorporar-se al mercat d&#8217;habitatge habitual. Queden exclosos els immobles r\u00fastics, aix\u00ed com aquells destinats a usos terciaris o tur\u00edstics, com a hotels, apartahotels o resid\u00e8ncies d&#8217;estudiants. En aquests casos, preval la qualificaci\u00f3 urban\u00edstica i la finalitat real de l&#8217;immoble sobre la seva possible aparen\u00e7a formal.<br><br>Una altra q\u00fcesti\u00f3 rellevant \u00e9s el tractament de les copropietats. L&#8217;informe descarta que basti amb comptar el nombre de finques i estableix que, en zones tensionades, ha d&#8217;atendre&#8217;s als percentatges de titularitat. La condici\u00f3 de gran tenidor s&#8217;aconsegueix quan la suma de les participacions equival al domini ple de cinc habitatges. Aquest criteri proporcional evita distorsions i se centra en el control efectiu del parc residencial, alineant-se amb la finalitat social de la norma.<br><br>En relaci\u00f3 amb l&#8217;estat dels immobles, l&#8217;informe difer\u00e8ncia clarament entre situacions. No computen els habitatges en construcci\u00f3 ni aquelles declarades legalment en ru\u00efna, al no ser aptes per a la seva incorporaci\u00f3 immediata al mercat. L&#8217;abs\u00e8ncia de c\u00e8dula d&#8217;habitabilitat, per si sola, no exclou l&#8217;immoble del c\u00f2mput, tret que s&#8217;acrediti de manera concloent que mai podria obtenir-la. De nou, la clau \u00e9s l&#8217;aptitud real del b\u00e9 com a habitatge.<br><br>L&#8217;an\u00e0lisi tamb\u00e9 confirma que l&#8217;habitatge habitual del propietari s\u00ed que es computa per a determinar la condici\u00f3 de gran tenidor, al no existir una exclusi\u00f3 expressa en la normativa d&#8217;habitatge. Aix\u00ed mateix, es reafirma el principi de separaci\u00f3 de patrimonis en l&#8217;\u00e0mbit societari: cada persona jur\u00eddica s&#8217;analitza de manera independent, sense acumulaci\u00f3 autom\u00e0tica d&#8217;habitatges entre societats vinculades ni imputaci\u00f3 directa als socis.<br><br>Finalment, l&#8217;informe mostra un enfocament clarament funcional en el tractament dels drets reals. No sols es t\u00e9 en compte al propietari ple, sin\u00f3 tamb\u00e9 a l&#8217;usufructuari, per ser qui pot destinar l&#8217;habitatge al lloguer i obtenir els seus fruits. En canvi, els immobles integrats en una her\u00e8ncia pendent d&#8217;acceptaci\u00f3 queden fora del c\u00f2mput, al no existir encara un titular efectiu.<br><br>En conjunt, el document aporta criteris interpretatius rellevants a preguntes del Col\u00b7legi Notarial de Catalunya que permeten entendre quan i per qu\u00e8 una persona \u00e9s considerada gran tenidora, subratllant que l&#8217;aplicaci\u00f3 d&#8217;aquest concepte dep\u00e8n m\u00e9s de la realitat econ\u00f2mica i funcional dels immobles que d&#8217;una lectura estrictament formal de la titularitat.<\/p>\n\n\n\n<h2 class=\"wp-block-heading\">2. Validesa de la convocat\u00f2ria de junta dirigida al president del consell del soci-persona jur\u00eddica.<\/h2>\n\n\n\n<p>El Tribunal Suprem, en la seva sent\u00e8ncia 475\/2026, de 18 de mar\u00e7, s&#8217;ha pronunciat sobre la validesa d&#8217;una convocat\u00f2ria de junta notificada al president del consell d&#8217;administraci\u00f3 d&#8217;un soci-persona jur\u00eddica, quan aquesta comunicaci\u00f3 no arriba a rebre&#8217;s en el domicili social.<\/p>\n\n\n\n<p>Amb car\u00e0cter previ, el Tribunal es pronuncia sobre la validesa del m\u00e8tode d&#8217;enviament de la convocat\u00f2ria, en tant que va ser realitzada mitjan\u00e7ant burofax malgrat que la forma prevista pels estatuts era la carta certificada amb justificant de recepci\u00f3, admetent la seva validesa donada la similitud funcional entre tots dos mitjans, passant a centrar-se en determinar si la recepci\u00f3 de la convocat\u00f2ria pel president del consell va implicar el coneixement de la mateixa per la societat.<\/p>\n\n\n\n<p>L&#8217;Alt Tribunal fa una an\u00e0lisi de la normativa aplicable a les notificacions a les societats, el r\u00e8gim de les quals es troba previst en l&#8217;article 235 de la Llei de Societats de Capital (\u201cLSC\u201d), que estableix el seg\u00fcent: \u201cQuan l&#8217;administraci\u00f3 no s&#8217;hagu\u00e9s organitzat en forma col\u00b7legiada, les comunicacions o notificacions a la societat podran dirigir-se a qualsevol dels administradors. En cas de consell d&#8217;administraci\u00f3, es dirigiran al seu President\u201d.<\/p>\n\n\n\n<p>Segons la Sala, i de conformitat amb aquest article, el president del consell d&#8217;administraci\u00f3 t\u00e9, expressament, la legitimaci\u00f3 per a rebre notificacions en nom de la societat, no podent servir de justificaci\u00f3 per a no rebre les mateixes el no dirigir efectivament la societat o no dedicar-se a les tasques de gesti\u00f3, ja que aquests arguments anirien en contra dels deures inherents al c\u00e0rrec i de l&#8217;est\u00e0ndard de dilig\u00e8ncia exigible als administradors, i particularment en contra del que es disposa en l&#8217;article 209 LSC que atribueix als administradors les compet\u00e8ncies de gesti\u00f3 i representaci\u00f3 de la societat.<\/p>\n\n\n\n<p>En aquest sentit, i en relaci\u00f3 amb l&#8217;article 235 LSC, el Suprem estima el recurs de cassaci\u00f3, declarant la validesa de la convocat\u00f2ria i determina que no \u00e9s admissible que el president d&#8217;un consell d&#8217;administraci\u00f3 ometi el compliment de les funcions pr\u00f2pies del c\u00e0rrec com \u00e9s la recepci\u00f3 i gesti\u00f3 de comunicacions, recordant que els deures dels administradors s\u00f3n inherents al c\u00e0rrec, que han de complir-se d&#8217;acord amb els est\u00e0ndards de dilig\u00e8ncia necessaris, i que el seu incompliment pot implicar l&#8217;activaci\u00f3 del sistema de responsabilitat previst en la LSC, amb les conseq\u00fc\u00e8ncies legalment previstes.<\/p>\n\n\n\n<h2 class=\"wp-block-heading\">3. El r\u00e8gim de les participacions sense vot i la delimitaci\u00f3 de l&#8217;abast de l&#8217;article 99.3 de la Llei de Societats de Capital.<\/h2>\n\n\n\n<p>La Sent\u00e8ncia del Tribunal Suprem de 20 de mar\u00e7 de 2026 (n\u00fam. 440\/2026) afirma que no pot buidar-se de contingut el r\u00e8gim de les participacions sense vot mitjan\u00e7ant una interpretaci\u00f3 anticipada de l&#8217;article 99.3 de la Llei de Societats de Capital (LSC).<\/p>\n\n\n\n<p>L&#8217;article 99.3 LSC estableix que, si les participacions sense vot no perceben el dividend m\u00ednim per falta de beneficis distribuibles, aquest dividend ha d&#8217;abonar-se en els cinc exercicis seg\u00fcents. Mentre persisteixi aquest impagament efectivament constatat, el soci recupera de manera transit\u00f2ria el dret de vot en igualtat de condicions que els socis ordinaris, sense perdre els seus avantatges econ\u00f2mics.<\/p>\n\n\n\n<p>El sup\u00f2sit jutjat t\u00e9 el seu origen en la impugnaci\u00f3 d&#8217;un acord adoptat per una societat de responsabilitat limitada integrada per tres socis, amb el capital social distribu\u00eft en parts iguals. L&#8217;any 2018, a conseq\u00fc\u00e8ncia d&#8217;una modificaci\u00f3 estatut\u00e0ria, un dels socis va passar a ser titular de 100 participacions mancades de dret de vot.<\/p>\n\n\n\n<p>Posteriorment, en la junta general celebrada al mar\u00e7 de 2019, es va sotmetre a debat i votaci\u00f3 l&#8217;alienaci\u00f3, mitjan\u00e7ant subhasta, d&#8217;un actiu essencial de la societat. En aquesta junta, el soci titular de participacions sense vot va votar a favor de l&#8217;acord, igual que un altre dels socis, mentre que el tercer va votar en contra. El president de la junta va admetre l&#8217;exercici del dret de vot per part del soci les participacions del qual mancaven de tal facultat, sent aquest vot determinant per a l&#8217;aprovaci\u00f3 de l&#8217;acord. Davant aquesta circumst\u00e0ncia, el soci dissident va impugnar l&#8217;acord social.<\/p>\n\n\n\n<p>El Tribunal Suprem es pronuncia sobre la interpretaci\u00f3 de l&#8217;article 99.3 LSC, declarant que, quan les participacions sense vot es creen en un moment concret de l&#8217;exercici, el seu r\u00e8gim jur\u00eddic desplega efectes des d&#8217;aquest mateix moment. En conseq\u00fc\u00e8ncia, el seu titular queda privat del dret de vot en les juntes posteriors, tret que arribi a complir-se efectivament el pressupost previst en l&#8217;apartat 3 del citat precepte legal.<\/p>\n\n\n\n<p>La Sala precisa que aquest pressupost no es compleix pel mer fet que encara no s&#8217;hagi abonat el dividend m\u00ednim. Perqu\u00e8 operi l&#8217;article 99.3 LSC \u00e9s necessari, amb car\u00e0cter general, que hagi finalitzat el primer exercici afectat i que els comptes anuals hagin estat aprovades, de manera que pugui constatar-se la inexist\u00e8ncia de beneficis repartibles. De manera alternativa, tamb\u00e9 s&#8217;ent\u00e9n complert aquest requisit quan hagi transcorregut el termini legal per a la celebraci\u00f3 de la junta general ordin\u00e0ria sense que aquesta s&#8217;hagi celebrat o sense que s&#8217;hagin aprovat els comptes anuals.<\/p>\n\n\n\n<p>Aplicant aquesta interpretaci\u00f3 al cas concret, el Tribunal conclou que al mar\u00e7 de 2019 encara no s&#8217;havia complert el pressupost exigit per l&#8217;article 99.3 LSC, ja que no s&#8217;havia celebrat la junta general ordin\u00e0ria per a l&#8217;aprovaci\u00f3 dels comptes corresponents a l&#8217;exercici 2018 \u2014primer exercici respecte del qual el titular de les participacions sense vot podia haver tingut dret al dividend m\u00ednim\u2014 ni havia ven\u00e7ut el termini legal per a la seva celebraci\u00f3. En conseq\u00fc\u00e8ncia, en la junta general de mar\u00e7 de 2019 no havia d&#8217;haver-se perm\u00e8s votar al soci titular d&#8217;aquestes participacions.<\/p>\n\n\n\n<p>La Sala analitza aix\u00ed mateix la impugnaci\u00f3 de l&#8217;acord adoptat i aplica el test de resist\u00e8ncia previst en l&#8217;article 204.3.d) LSC. Despr\u00e9s de constatar que l&#8217;acord de venda d&#8217;un actiu essencial requeria majoria simple, conforme a l&#8217;article 198 LSC, el Tribunal aprecia que el vot inv\u00e0lid va ser determinant per a la seva aprovaci\u00f3, ja que, d&#8217;haver-se excl\u00f2s, el resultat de la votaci\u00f3 hauria estat d&#8217;empat entre els dos vots restants. En conseq\u00fc\u00e8ncia, procedeix declarar la nul\u00b7litat de l&#8217;acord impugnat.<\/p>\n\n\n\n<p>La sent\u00e8ncia conclou que, mentre no concorri de manera efectiva el sup\u00f2sit de falta de satisfacci\u00f3 del dividend m\u00ednim en els termes legalment previstos, el titular de participacions sense vot no pot exercir el dret de vot.<\/p>\n\n\n\n<p><\/p>\n","protected":false},"excerpt":{"rendered":"<p>1. Es publica l&#8217;Informe conjunt de la Direcci\u00f3 General de<\/p>\n","protected":false},"author":12,"featured_media":23657,"comment_status":"closed","ping_status":"open","sticky":false,"template":"","format":"standard","meta":{"footnotes":""},"categories":[380,322],"tags":[],"class_list":["post-23658","post","type-post","status-publish","format-standard","has-post-thumbnail","hentry","category-alerta-legal-ca","category-legal-ca"],"yoast_head":"<!-- This site is optimized with the Yoast SEO plugin v27.2 - https:\/\/yoast.com\/product\/yoast-seo-wordpress\/ -->\n<title>Alertes Legals \u00b7 Abril 2026 - ARCO Abogados<\/title>\n<meta name=\"description\" content=\"1. Es publica l&#039;Informe conjunt de la Direcci\u00f3 General de Tributs i Joc i l&#039;Ag\u00e8ncia de l&#039;Habitatge per a donar resposta a les consultes plantejades pel\" \/>\n<meta name=\"robots\" content=\"index, follow, max-snippet:-1, max-image-preview:large, max-video-preview:-1\" \/>\n<link rel=\"canonical\" href=\"https:\/\/www.arcoabogados.es\/ca\/alertes-legals-%c2%b7-abril-2026\" \/>\n<meta property=\"og:locale\" content=\"ca_ES\" \/>\n<meta property=\"og:type\" content=\"article\" \/>\n<meta property=\"og:title\" content=\"Alertes Legals \u00b7 Abril 2026 - ARCO Abogados\" \/>\n<meta property=\"og:description\" content=\"1. Es publica l&#039;Informe conjunt de la Direcci\u00f3 General de Tributs i Joc i l&#039;Ag\u00e8ncia de l&#039;Habitatge per a donar resposta a les consultes plantejades pel\" \/>\n<meta property=\"og:url\" content=\"https:\/\/www.arcoabogados.es\/ca\/alertes-legals-%c2%b7-abril-2026\" \/>\n<meta property=\"og:site_name\" content=\"ARCO Abogados\" \/>\n<meta property=\"article:published_time\" content=\"2026-04-28T08:29:55+00:00\" \/>\n<meta property=\"article:modified_time\" content=\"2026-04-28T08:50:01+00:00\" \/>\n<meta property=\"og:image\" content=\"https:\/\/www.arcoabogados.es\/wp-content\/uploads\/2026\/04\/427_Pexels_956952_Hochhauser-scaled.jpg\" \/>\n\t<meta property=\"og:image:width\" content=\"1920\" \/>\n\t<meta property=\"og:image:height\" content=\"1280\" \/>\n\t<meta property=\"og:image:type\" content=\"image\/jpeg\" \/>\n<meta name=\"author\" content=\"Anna Vivas\" \/>\n<meta name=\"twitter:card\" content=\"summary_large_image\" \/>\n<script type=\"application\/ld+json\" class=\"yoast-schema-graph\">{\"@context\":\"https:\/\/schema.org\",\"@graph\":[{\"@type\":\"Article\",\"@id\":\"https:\/\/www.arcoabogados.es\/ca\/alertes-legals-%c2%b7-abril-2026#article\",\"isPartOf\":{\"@id\":\"https:\/\/www.arcoabogados.es\/ca\/alertes-legals-%c2%b7-abril-2026\"},\"author\":{\"name\":\"Anna Vivas\",\"@id\":\"https:\/\/www.arcoabogados.es\/ca#\/schema\/person\/8c38bf10d19f9bf1eedff598c01ce056\"},\"headline\":\"Alertes Legals \u00b7 Abril 2026\",\"datePublished\":\"2026-04-28T08:29:55+00:00\",\"dateModified\":\"2026-04-28T08:50:01+00:00\",\"mainEntityOfPage\":{\"@id\":\"https:\/\/www.arcoabogados.es\/ca\/alertes-legals-%c2%b7-abril-2026\"},\"wordCount\":1660,\"publisher\":{\"@id\":\"https:\/\/www.arcoabogados.es\/ca#organization\"},\"image\":{\"@id\":\"https:\/\/www.arcoabogados.es\/ca\/alertes-legals-%c2%b7-abril-2026#primaryimage\"},\"thumbnailUrl\":\"https:\/\/www.arcoabogados.es\/wp-content\/uploads\/2026\/04\/427_Pexels_956952_Hochhauser-scaled.jpg\",\"articleSection\":[\"Alerta Legal\",\"Legal\"],\"inLanguage\":\"ca\"},{\"@type\":\"WebPage\",\"@id\":\"https:\/\/www.arcoabogados.es\/ca\/alertes-legals-%c2%b7-abril-2026\",\"url\":\"https:\/\/www.arcoabogados.es\/ca\/alertes-legals-%c2%b7-abril-2026\",\"name\":\"Alertes Legals \u00b7 Abril 2026 - ARCO Abogados\",\"isPartOf\":{\"@id\":\"https:\/\/www.arcoabogados.es\/ca#website\"},\"primaryImageOfPage\":{\"@id\":\"https:\/\/www.arcoabogados.es\/ca\/alertes-legals-%c2%b7-abril-2026#primaryimage\"},\"image\":{\"@id\":\"https:\/\/www.arcoabogados.es\/ca\/alertes-legals-%c2%b7-abril-2026#primaryimage\"},\"thumbnailUrl\":\"https:\/\/www.arcoabogados.es\/wp-content\/uploads\/2026\/04\/427_Pexels_956952_Hochhauser-scaled.jpg\",\"datePublished\":\"2026-04-28T08:29:55+00:00\",\"dateModified\":\"2026-04-28T08:50:01+00:00\",\"description\":\"1. Es publica l'Informe conjunt de la Direcci\u00f3 General de Tributs i Joc i l'Ag\u00e8ncia de l'Habitatge per a donar resposta a les consultes plantejades pel\",\"breadcrumb\":{\"@id\":\"https:\/\/www.arcoabogados.es\/ca\/alertes-legals-%c2%b7-abril-2026#breadcrumb\"},\"inLanguage\":\"ca\",\"potentialAction\":[{\"@type\":\"ReadAction\",\"target\":[\"https:\/\/www.arcoabogados.es\/ca\/alertes-legals-%c2%b7-abril-2026\"]}]},{\"@type\":\"ImageObject\",\"inLanguage\":\"ca\",\"@id\":\"https:\/\/www.arcoabogados.es\/ca\/alertes-legals-%c2%b7-abril-2026#primaryimage\",\"url\":\"https:\/\/www.arcoabogados.es\/wp-content\/uploads\/2026\/04\/427_Pexels_956952_Hochhauser-scaled.jpg\",\"contentUrl\":\"https:\/\/www.arcoabogados.es\/wp-content\/uploads\/2026\/04\/427_Pexels_956952_Hochhauser-scaled.jpg\",\"width\":1920,\"height\":1280},{\"@type\":\"BreadcrumbList\",\"@id\":\"https:\/\/www.arcoabogados.es\/ca\/alertes-legals-%c2%b7-abril-2026#breadcrumb\",\"itemListElement\":[{\"@type\":\"ListItem\",\"position\":1,\"name\":\"Inici\",\"item\":\"https:\/\/www.arcoabogados.es\/ca\/inici\"},{\"@type\":\"ListItem\",\"position\":2,\"name\":\"Alertes Legals \u00b7 Abril 2026\"}]},{\"@type\":\"WebSite\",\"@id\":\"https:\/\/www.arcoabogados.es\/ca#website\",\"url\":\"https:\/\/www.arcoabogados.es\/ca\",\"name\":\"ARCO Abogados\",\"description\":\"Leading Tax and Legal Practice in Spain\",\"publisher\":{\"@id\":\"https:\/\/www.arcoabogados.es\/ca#organization\"},\"potentialAction\":[{\"@type\":\"SearchAction\",\"target\":{\"@type\":\"EntryPoint\",\"urlTemplate\":\"https:\/\/www.arcoabogados.es\/ca?s={search_term_string}\"},\"query-input\":{\"@type\":\"PropertyValueSpecification\",\"valueRequired\":true,\"valueName\":\"search_term_string\"}}],\"inLanguage\":\"ca\"},{\"@type\":\"Organization\",\"@id\":\"https:\/\/www.arcoabogados.es\/ca#organization\",\"name\":\"ARCO Abogados\",\"url\":\"https:\/\/www.arcoabogados.es\/ca\",\"logo\":{\"@type\":\"ImageObject\",\"inLanguage\":\"ca\",\"@id\":\"https:\/\/www.arcoabogados.es\/ca#\/schema\/logo\/image\/\",\"url\":\"https:\/\/www.arcoabogados.es\/wp-content\/uploads\/2023\/07\/arco-logo-160px.png\",\"contentUrl\":\"https:\/\/www.arcoabogados.es\/wp-content\/uploads\/2023\/07\/arco-logo-160px.png\",\"width\":160,\"height\":42,\"caption\":\"ARCO Abogados\"},\"image\":{\"@id\":\"https:\/\/www.arcoabogados.es\/ca#\/schema\/logo\/image\/\"},\"sameAs\":[\"https:\/\/www.linkedin.com\/company\/arcoabogados\/\"]},{\"@type\":\"Person\",\"@id\":\"https:\/\/www.arcoabogados.es\/ca#\/schema\/person\/8c38bf10d19f9bf1eedff598c01ce056\",\"name\":\"Anna Vivas\",\"image\":{\"@type\":\"ImageObject\",\"inLanguage\":\"ca\",\"@id\":\"https:\/\/secure.gravatar.com\/avatar\/8d1d4a9e66dfc1694889a31d3f542b8b63a7b461cbe343002ed2fa7e3b2722b6?s=96&d=mm&r=g\",\"url\":\"https:\/\/secure.gravatar.com\/avatar\/8d1d4a9e66dfc1694889a31d3f542b8b63a7b461cbe343002ed2fa7e3b2722b6?s=96&d=mm&r=g\",\"contentUrl\":\"https:\/\/secure.gravatar.com\/avatar\/8d1d4a9e66dfc1694889a31d3f542b8b63a7b461cbe343002ed2fa7e3b2722b6?s=96&d=mm&r=g\",\"caption\":\"Anna Vivas\"}}]}<\/script>\n<!-- \/ Yoast SEO plugin. -->","yoast_head_json":{"title":"Alertes Legals \u00b7 Abril 2026 - ARCO Abogados","description":"1. Es publica l'Informe conjunt de la Direcci\u00f3 General de Tributs i Joc i l'Ag\u00e8ncia de l'Habitatge per a donar resposta a les consultes plantejades pel","robots":{"index":"index","follow":"follow","max-snippet":"max-snippet:-1","max-image-preview":"max-image-preview:large","max-video-preview":"max-video-preview:-1"},"canonical":"https:\/\/www.arcoabogados.es\/ca\/alertes-legals-%c2%b7-abril-2026","og_locale":"ca_ES","og_type":"article","og_title":"Alertes Legals \u00b7 Abril 2026 - ARCO Abogados","og_description":"1. Es publica l'Informe conjunt de la Direcci\u00f3 General de Tributs i Joc i l'Ag\u00e8ncia de l'Habitatge per a donar resposta a les consultes plantejades pel","og_url":"https:\/\/www.arcoabogados.es\/ca\/alertes-legals-%c2%b7-abril-2026","og_site_name":"ARCO Abogados","article_published_time":"2026-04-28T08:29:55+00:00","article_modified_time":"2026-04-28T08:50:01+00:00","og_image":[{"width":1920,"height":1280,"url":"https:\/\/www.arcoabogados.es\/wp-content\/uploads\/2026\/04\/427_Pexels_956952_Hochhauser-scaled.jpg","type":"image\/jpeg"}],"author":"Anna Vivas","twitter_card":"summary_large_image","schema":{"@context":"https:\/\/schema.org","@graph":[{"@type":"Article","@id":"https:\/\/www.arcoabogados.es\/ca\/alertes-legals-%c2%b7-abril-2026#article","isPartOf":{"@id":"https:\/\/www.arcoabogados.es\/ca\/alertes-legals-%c2%b7-abril-2026"},"author":{"name":"Anna Vivas","@id":"https:\/\/www.arcoabogados.es\/ca#\/schema\/person\/8c38bf10d19f9bf1eedff598c01ce056"},"headline":"Alertes Legals \u00b7 Abril 2026","datePublished":"2026-04-28T08:29:55+00:00","dateModified":"2026-04-28T08:50:01+00:00","mainEntityOfPage":{"@id":"https:\/\/www.arcoabogados.es\/ca\/alertes-legals-%c2%b7-abril-2026"},"wordCount":1660,"publisher":{"@id":"https:\/\/www.arcoabogados.es\/ca#organization"},"image":{"@id":"https:\/\/www.arcoabogados.es\/ca\/alertes-legals-%c2%b7-abril-2026#primaryimage"},"thumbnailUrl":"https:\/\/www.arcoabogados.es\/wp-content\/uploads\/2026\/04\/427_Pexels_956952_Hochhauser-scaled.jpg","articleSection":["Alerta Legal","Legal"],"inLanguage":"ca"},{"@type":"WebPage","@id":"https:\/\/www.arcoabogados.es\/ca\/alertes-legals-%c2%b7-abril-2026","url":"https:\/\/www.arcoabogados.es\/ca\/alertes-legals-%c2%b7-abril-2026","name":"Alertes Legals \u00b7 Abril 2026 - ARCO Abogados","isPartOf":{"@id":"https:\/\/www.arcoabogados.es\/ca#website"},"primaryImageOfPage":{"@id":"https:\/\/www.arcoabogados.es\/ca\/alertes-legals-%c2%b7-abril-2026#primaryimage"},"image":{"@id":"https:\/\/www.arcoabogados.es\/ca\/alertes-legals-%c2%b7-abril-2026#primaryimage"},"thumbnailUrl":"https:\/\/www.arcoabogados.es\/wp-content\/uploads\/2026\/04\/427_Pexels_956952_Hochhauser-scaled.jpg","datePublished":"2026-04-28T08:29:55+00:00","dateModified":"2026-04-28T08:50:01+00:00","description":"1. Es publica l'Informe conjunt de la Direcci\u00f3 General de Tributs i Joc i l'Ag\u00e8ncia de l'Habitatge per a donar resposta a les consultes plantejades pel","breadcrumb":{"@id":"https:\/\/www.arcoabogados.es\/ca\/alertes-legals-%c2%b7-abril-2026#breadcrumb"},"inLanguage":"ca","potentialAction":[{"@type":"ReadAction","target":["https:\/\/www.arcoabogados.es\/ca\/alertes-legals-%c2%b7-abril-2026"]}]},{"@type":"ImageObject","inLanguage":"ca","@id":"https:\/\/www.arcoabogados.es\/ca\/alertes-legals-%c2%b7-abril-2026#primaryimage","url":"https:\/\/www.arcoabogados.es\/wp-content\/uploads\/2026\/04\/427_Pexels_956952_Hochhauser-scaled.jpg","contentUrl":"https:\/\/www.arcoabogados.es\/wp-content\/uploads\/2026\/04\/427_Pexels_956952_Hochhauser-scaled.jpg","width":1920,"height":1280},{"@type":"BreadcrumbList","@id":"https:\/\/www.arcoabogados.es\/ca\/alertes-legals-%c2%b7-abril-2026#breadcrumb","itemListElement":[{"@type":"ListItem","position":1,"name":"Inici","item":"https:\/\/www.arcoabogados.es\/ca\/inici"},{"@type":"ListItem","position":2,"name":"Alertes Legals \u00b7 Abril 2026"}]},{"@type":"WebSite","@id":"https:\/\/www.arcoabogados.es\/ca#website","url":"https:\/\/www.arcoabogados.es\/ca","name":"ARCO Abogados","description":"Leading Tax and Legal Practice in Spain","publisher":{"@id":"https:\/\/www.arcoabogados.es\/ca#organization"},"potentialAction":[{"@type":"SearchAction","target":{"@type":"EntryPoint","urlTemplate":"https:\/\/www.arcoabogados.es\/ca?s={search_term_string}"},"query-input":{"@type":"PropertyValueSpecification","valueRequired":true,"valueName":"search_term_string"}}],"inLanguage":"ca"},{"@type":"Organization","@id":"https:\/\/www.arcoabogados.es\/ca#organization","name":"ARCO Abogados","url":"https:\/\/www.arcoabogados.es\/ca","logo":{"@type":"ImageObject","inLanguage":"ca","@id":"https:\/\/www.arcoabogados.es\/ca#\/schema\/logo\/image\/","url":"https:\/\/www.arcoabogados.es\/wp-content\/uploads\/2023\/07\/arco-logo-160px.png","contentUrl":"https:\/\/www.arcoabogados.es\/wp-content\/uploads\/2023\/07\/arco-logo-160px.png","width":160,"height":42,"caption":"ARCO Abogados"},"image":{"@id":"https:\/\/www.arcoabogados.es\/ca#\/schema\/logo\/image\/"},"sameAs":["https:\/\/www.linkedin.com\/company\/arcoabogados\/"]},{"@type":"Person","@id":"https:\/\/www.arcoabogados.es\/ca#\/schema\/person\/8c38bf10d19f9bf1eedff598c01ce056","name":"Anna Vivas","image":{"@type":"ImageObject","inLanguage":"ca","@id":"https:\/\/secure.gravatar.com\/avatar\/8d1d4a9e66dfc1694889a31d3f542b8b63a7b461cbe343002ed2fa7e3b2722b6?s=96&d=mm&r=g","url":"https:\/\/secure.gravatar.com\/avatar\/8d1d4a9e66dfc1694889a31d3f542b8b63a7b461cbe343002ed2fa7e3b2722b6?s=96&d=mm&r=g","contentUrl":"https:\/\/secure.gravatar.com\/avatar\/8d1d4a9e66dfc1694889a31d3f542b8b63a7b461cbe343002ed2fa7e3b2722b6?s=96&d=mm&r=g","caption":"Anna Vivas"}}]}},"_links":{"self":[{"href":"https:\/\/www.arcoabogados.es\/ca\/wp-json\/wp\/v2\/posts\/23658","targetHints":{"allow":["GET"]}}],"collection":[{"href":"https:\/\/www.arcoabogados.es\/ca\/wp-json\/wp\/v2\/posts"}],"about":[{"href":"https:\/\/www.arcoabogados.es\/ca\/wp-json\/wp\/v2\/types\/post"}],"author":[{"embeddable":true,"href":"https:\/\/www.arcoabogados.es\/ca\/wp-json\/wp\/v2\/users\/12"}],"replies":[{"embeddable":true,"href":"https:\/\/www.arcoabogados.es\/ca\/wp-json\/wp\/v2\/comments?post=23658"}],"version-history":[{"count":2,"href":"https:\/\/www.arcoabogados.es\/ca\/wp-json\/wp\/v2\/posts\/23658\/revisions"}],"predecessor-version":[{"id":23660,"href":"https:\/\/www.arcoabogados.es\/ca\/wp-json\/wp\/v2\/posts\/23658\/revisions\/23660"}],"wp:featuredmedia":[{"embeddable":true,"href":"https:\/\/www.arcoabogados.es\/ca\/wp-json\/wp\/v2\/media\/23657"}],"wp:attachment":[{"href":"https:\/\/www.arcoabogados.es\/ca\/wp-json\/wp\/v2\/media?parent=23658"}],"wp:term":[{"taxonomy":"category","embeddable":true,"href":"https:\/\/www.arcoabogados.es\/ca\/wp-json\/wp\/v2\/categories?post=23658"},{"taxonomy":"post_tag","embeddable":true,"href":"https:\/\/www.arcoabogados.es\/ca\/wp-json\/wp\/v2\/tags?post=23658"}],"curies":[{"name":"wp","href":"https:\/\/api.w.org\/{rel}","templated":true}]}}